{"id":26522,"date":"2015-02-18T21:49:16","date_gmt":"2015-02-18T21:49:16","guid":{"rendered":"http:\/\/www.adsmovil.com\/pt-br\/adsmovil-espera-sua-visita-na-mwc-barcelona-3\/"},"modified":"2017-01-28T17:56:26","modified_gmt":"2017-01-28T17:56:26","slug":"adsmovil-espera-sua-visita-na-mwc-barcelona-3","status":"publish","type":"post","link":"https:\/\/adsmovil.com\/pt-br\/adsmovil-espera-sua-visita-na-mwc-barcelona-3\/","title":{"rendered":"Adsmovil estar\u00e1 presente en el evento m\u00e1s importante de la industria m\u00f3vil: MWC en Barcelona"},"content":{"rendered":"<p><a href=\"http:\/\/www.adsmovil.com\/\" target=\"_blank\">Adsmovil<\/a>, l\u00edder en soluciones de publicidad m\u00f3vil en Am\u00e9rica Latina y el mercado hispano de los Estados Unidos, estar\u00e1 en el evento m\u00e1s grande del mundo en el sector m\u00f3vil: <a href=\"http:\/\/www.mobileworldcongress.com\/agenda\/\" target=\"_blank\">El MWC, Mobile World Congress<\/a>, que se realizar\u00e1 desde 2 al 5 marzo de 2015 en Barcelona.<\/p>\n<p>&nbsp;<\/p>\n<p>Durante los cuatro d\u00edas, los visitantes podr\u00e1n encontrar en nuestro stand las principales novedades y tendencias de la industria, adem\u00e1s de nuestro amplio portafolio en soluciones de publicidad m\u00f3vil. &#8220;La participaci\u00f3n en el MWC ofrece una mayor exposici\u00f3n para Adsmovil en la escena internacional y contribuye a un mayor contacto con nuestros clientes y aliados estrat\u00e9gicos&#8221;, expres\u00f3 Alberto Pardo, CEO de la compa\u00f1\u00eda.<\/p>\n<p>&nbsp;<\/p>\n<p>Mark Zuckerberg, CEO de Facebook, ser\u00e1 entrevistado por la experta periodista de la revista Wired, Jessi Hempel. El evento tambi\u00e9n contar\u00e1 con un debate entre los directores ejecutivos de los mayores operadores de telefon\u00eda m\u00f3vil en el mundo acerca de c\u00f3mo estas empresas se mantendr\u00e1n a la vanguardia en innovaci\u00f3n m\u00f3vil.<\/p>\n<p>&nbsp;<\/p>\n<p>El equipo de Adsmovil tendr\u00e1 cuatro d\u00edas de intensa programaci\u00f3n en el MWC. Escr\u00edbanos\u00a0para coordinar una cita con el equipo que asistir\u00e1 al evento: contacto@adsmovil.com.<\/p>\n<p>&nbsp;<\/p>\n<p><img loading=\"lazy\" decoding=\"async\" class=\"aligncenter wp-image-1439 size-full\" src=\"http:\/\/www.adsmovil.com\/wp-content\/uploads\/2015\/02\/mobile-world-congress-adsmovil-mobile-hispanics-advertising.jpg\" alt=\"mobile world congress adsmovil mobile hispanics advertising\" width=\"751\" height=\"600\" \/><\/p>\n<p>&nbsp;<\/p>\n","protected":false},"excerpt":{"rendered":"<p>Adsmovil, l\u00edder en soluciones de publicidad m\u00f3vil en Am\u00e9rica Latina y el mercado hispano de los Estados Unidos, estar\u00e1 en el evento m\u00e1s grande del mundo en el sector m\u00f3vil: El MWC, Mobile World Congress, que se realizar\u00e1 desde 2 al 5 marzo de 2015 en Barcelona. &nbsp; Durante los cuatro d\u00edas, los visitantes podr\u00e1n [&hellip;]<\/p>\n","protected":false},"author":18,"featured_media":25707,"comment_status":"open","ping_status":"closed","sticky":false,"template":"","format":"standard","meta":{"_themeisle_gutenberg_block_has_review":false,"footnotes":"","_links_to":"","_links_to_target":""},"categories":[480],"tags":[548],"class_list":["post-26522","post","type-post","status-publish","format-standard","has-post-thumbnail","hentry","category-blog-pt-br","tag-espanhol"],"acf":[],"_links":{"self":[{"href":"https:\/\/adsmovil.com\/pt-br\/wp-json\/wp\/v2\/posts\/26522","targetHints":{"allow":["GET"]}}],"collection":[{"href":"https:\/\/adsmovil.com\/pt-br\/wp-json\/wp\/v2\/posts"}],"about":[{"href":"https:\/\/adsmovil.com\/pt-br\/wp-json\/wp\/v2\/types\/post"}],"author":[{"embeddable":true,"href":"https:\/\/adsmovil.com\/pt-br\/wp-json\/wp\/v2\/users\/18"}],"replies":[{"embeddable":true,"href":"https:\/\/adsmovil.com\/pt-br\/wp-json\/wp\/v2\/comments?post=26522"}],"version-history":[{"count":0,"href":"https:\/\/adsmovil.com\/pt-br\/wp-json\/wp\/v2\/posts\/26522\/revisions"}],"wp:featuredmedia":[{"embeddable":true,"href":"https:\/\/adsmovil.com\/pt-br\/wp-json\/wp\/v2\/media\/25707"}],"wp:attachment":[{"href":"https:\/\/adsmovil.com\/pt-br\/wp-json\/wp\/v2\/media?parent=26522"}],"wp:term":[{"taxonomy":"category","embeddable":true,"href":"https:\/\/adsmovil.com\/pt-br\/wp-json\/wp\/v2\/categories?post=26522"},{"taxonomy":"post_tag","embeddable":true,"href":"https:\/\/adsmovil.com\/pt-br\/wp-json\/wp\/v2\/tags?post=26522"}],"curies":[{"name":"wp","href":"https:\/\/api.w.org\/{rel}","templated":true}]}}