{"id":26520,"date":"2015-02-18T21:49:16","date_gmt":"2015-02-18T21:49:16","guid":{"rendered":"http:\/\/www.adsmovil.com\/pt-br\/adsmovil-espera-sua-visita-na-mwc-barcelona\/"},"modified":"2017-01-28T17:56:19","modified_gmt":"2017-01-28T17:56:19","slug":"adsmovil-espera-sua-visita-na-mwc-barcelona","status":"publish","type":"post","link":"https:\/\/adsmovil.com\/pt-br\/adsmovil-espera-sua-visita-na-mwc-barcelona\/","title":{"rendered":"Adsmovil espera sua visita na MWC Barcelona"},"content":{"rendered":"<p>&nbsp;<\/p>\n<p>A <a href=\"http:\/\/www.adsmovil.com\/pt-br\/\">Adsmovil<\/a>, l\u00edder em publicidade m\u00f3vel na Am\u00e9rica Latina e no mercado hisp\u00e2nico nos Estados Unidos, estar\u00e1 presente no maior evento mundial de mobile: <a href=\"http:\/\/www.mobileworldcongress.com\/agenda\/\">o GSMA Mobile World Congress \u2013 MWC<\/a>, que ser\u00e1 realizado entre os dias 2 e 5 de mar\u00e7o, na cidade espanhola de Barcelona.<\/p>\n<p>&nbsp;<\/p>\n<p>Durante os quatro dias, os visitantes poder\u00e3o conferir em nosso estande as principais novidades e tend\u00eancias do setor, al\u00e9m de nosso portf\u00f3lio completo de servi\u00e7os para mobile marketing. \u201cA participa\u00e7\u00e3o no MWC proporciona maior exposi\u00e7\u00e3o da Adsmovil no cen\u00e1rio internacional e contribui para um contato mais pr\u00f3ximo com nossos clientes e parceiros\u201d, afirma Alberto Pardo, CEO da empresa.<\/p>\n<p>&nbsp;<\/p>\n<p>Para demonstrar os avan\u00e7os de tecnologia do mundo e a conectividade das pessoas e produtos, l\u00edderes da ind\u00fastria, visin\u00e1rios e inovadores se reunir\u00e3o no MWC para contar as tend\u00eancias que moldar\u00e3o o segmento mobile nos pr\u00f3ximos anos. Ao longo do evento, os visitantes tamb\u00e9m poder\u00e3o conferir as palestras que acontecer\u00e3o diariamente, entre \u00e0s 9h e 18h45. Ser\u00e3o quatro dias de <a href=\"http:\/\/www.mobileworldcongress.com\/agenda\/\">agenda<\/a> intensa do MWC!<\/p>\n<p>&nbsp;<\/p>\n<p>Mark Zuckerberg, CEO do Facebook, ser\u00e1 entrevistado pela experiente jornalista da Wired Magazine,\u00a0 Jessi Hempel, seguido de debate sobre como ampliar o n\u00famero de pessoas conectadas no mundo. Esse debate ser\u00e1 transmitido ao vido pelo portal do MWC. Tamb\u00e9m ser\u00e1 realizado um debate entre os CEOs das maiores operadores de telefonia m\u00f3vel sobre como essas empresas v\u00e3o se manter na lideran\u00e7a da inova\u00e7\u00e3o.<\/p>\n<p>&nbsp;<\/p>\n<p>Ao longo do evento, os visitantes poder\u00e3o conferir as palestras que acontecer\u00e3o diariamente, entre \u00e0s 9h e 18h45. Ser\u00e3o quatro dias de <a href=\"http:\/\/www.mobileworldcongress.com\/agenda\/\">agenda<\/a> intensa do MWC!<\/p>\n<p>&nbsp;<\/p>\n<p>Reserve uma reuni\u00e3o com nos! Consulte a nossa agenda: contacto@adsmovil.com<\/p>\n<p>&nbsp;<\/p>\n<p><img loading=\"lazy\" decoding=\"async\" class=\"aligncenter wp-image-1439 size-full\" src=\"http:\/\/www.adsmovil.com\/wp-content\/uploads\/2015\/02\/mobile-world-congress-adsmovil-mobile-hispanics-advertising.jpg\" alt=\"mobile world congress adsmovil mobile hispanics advertising\" width=\"751\" height=\"600\" \/><\/p>\n<p>&nbsp;<\/p>\n","protected":false},"excerpt":{"rendered":"<p>&nbsp; A Adsmovil, l\u00edder em publicidade m\u00f3vel na Am\u00e9rica Latina e no mercado hisp\u00e2nico nos Estados Unidos, estar\u00e1 presente no maior evento mundial de mobile: o GSMA Mobile World Congress \u2013 MWC, que ser\u00e1 realizado entre os dias 2 e 5 de mar\u00e7o, na cidade espanhola de Barcelona. &nbsp; Durante os quatro dias, os visitantes [&hellip;]<\/p>\n","protected":false},"author":18,"featured_media":25707,"comment_status":"open","ping_status":"closed","sticky":false,"template":"","format":"standard","meta":{"_themeisle_gutenberg_block_has_review":false,"footnotes":"","_links_to":"","_links_to_target":""},"categories":[480],"tags":[557],"class_list":["post-26520","post","type-post","status-publish","format-standard","has-post-thumbnail","hentry","category-blog-pt-br","tag-portugues-pt"],"acf":[],"_links":{"self":[{"href":"https:\/\/adsmovil.com\/pt-br\/wp-json\/wp\/v2\/posts\/26520","targetHints":{"allow":["GET"]}}],"collection":[{"href":"https:\/\/adsmovil.com\/pt-br\/wp-json\/wp\/v2\/posts"}],"about":[{"href":"https:\/\/adsmovil.com\/pt-br\/wp-json\/wp\/v2\/types\/post"}],"author":[{"embeddable":true,"href":"https:\/\/adsmovil.com\/pt-br\/wp-json\/wp\/v2\/users\/18"}],"replies":[{"embeddable":true,"href":"https:\/\/adsmovil.com\/pt-br\/wp-json\/wp\/v2\/comments?post=26520"}],"version-history":[{"count":0,"href":"https:\/\/adsmovil.com\/pt-br\/wp-json\/wp\/v2\/posts\/26520\/revisions"}],"wp:featuredmedia":[{"embeddable":true,"href":"https:\/\/adsmovil.com\/pt-br\/wp-json\/wp\/v2\/media\/25707"}],"wp:attachment":[{"href":"https:\/\/adsmovil.com\/pt-br\/wp-json\/wp\/v2\/media?parent=26520"}],"wp:term":[{"taxonomy":"category","embeddable":true,"href":"https:\/\/adsmovil.com\/pt-br\/wp-json\/wp\/v2\/categories?post=26520"},{"taxonomy":"post_tag","embeddable":true,"href":"https:\/\/adsmovil.com\/pt-br\/wp-json\/wp\/v2\/tags?post=26520"}],"curies":[{"name":"wp","href":"https:\/\/api.w.org\/{rel}","templated":true}]}}